{"id":18091,"date":"2020-03-31T07:03:28","date_gmt":"2020-03-31T07:03:28","guid":{"rendered":"https:\/\/visualarqv2.asuni.cloud\/2020\/03\/31\/visualarq-zu-parametricos\/"},"modified":"2020-03-31T07:03:28","modified_gmt":"2020-03-31T07:03:28","slug":"visualarq-zu-parametricos","status":"publish","type":"post","link":"https:\/\/visualarqv2.instawp.xyz\/de\/visualarq-zu-parametricos\/","title":{"rendered":"VisualARQ zu Parametricos"},"content":{"rendered":"<iframe loading=\"lazy\" width=\"560\" height=\"315\" src=\"https:\/\/www.youtube.com\/embed\/cDnrUX3t9Gw\" frameborder=\"0\" allow=\"accelerometer; autoplay; encrypted-media; gyroscope; picture-in-picture\" allowfullscreen><\/iframe>\n\n<h3>VisualARQ zu Parametricos <\/h3>\n\nBei VisualARQ freuen wir uns, unseren Anwendern durch eine neue Zusammenarbeit mit Parametricos weiterhelfen zu k\u00f6nnen. Visualisieren Sie Ihre 3D-BIM-IFC-Projekte im Internet unter Verwendung von <a href=\"https:\/\/studio3dx.com\/\">Studio | Cloud BIM + GIS von Parametricos<\/a>. \n\nHier sehen Sie, wie es funktioniert: <a href=\"https:\/\/blog.parametricos.com\/visualarq-to-parametricos\/\">https:\/\/blog.parametricos.com\/visualarq-to-parametricos\/<\/a>\n\n<h3>Parametricos-Angebot f\u00fcr VisualARQ-Anwender:<\/h3>\nWenn Sie \u00fcber eine VisualARQ-Lizenz verf\u00fcgen, fordern Sie jetzt ihre <b>100 \u20ac Rabatt<\/b> f\u00fcr das Parametricos-Jahresabonnement ein, indem Sie eine E-Mail an <a href=\"mailto:visualarq@asuni.com\">visualarq@asuni.com<\/a> und <a href=\"info@parametricos.com\">info@parametricos.com<\/a> senden. Bei <a href=\"https:\/\/studio3dx.com\/\">studio.parametricos.com<\/a> k\u00f6nnen Sie sich registrieren und Ihre VisualARQ-IFC-Projekte hochladen.\n\n","protected":false},"excerpt":{"rendered":"<p>VisualARQ zu Parametricos Bei VisualARQ freuen wir uns, unseren Anwendern durch eine neue Zusammenarbeit mit Parametricos weiterhelfen zu k\u00f6nnen. Visualisieren Sie Ihre 3D-BIM-IFC-Projekte im Internet unter Verwendung von Studio | Cloud BIM + GIS von Parametricos. Hier sehen Sie, wie es funktioniert: https:\/\/blog.parametricos.com\/visualarq-to-parametricos\/ Parametricos-Angebot f\u00fcr VisualARQ-Anwender: Wenn Sie \u00fcber eine VisualARQ-Lizenz verf\u00fcgen, fordern Sie jetzt [&hellip;]<\/p>\n","protected":false},"author":6,"featured_media":18129,"comment_status":"closed","ping_status":"closed","sticky":false,"template":"","format":"standard","meta":{"_et_pb_use_builder":"","_et_pb_old_content":"","_et_gb_content_width":"","_monsterinsights_skip_tracking":false,"_monsterinsights_sitenote_active":false,"_monsterinsights_sitenote_note":"","_monsterinsights_sitenote_category":0,"footnotes":""},"categories":[1730],"tags":[990],"class_list":["post-18091","post","type-post","status-publish","format-standard","has-post-thumbnail","hentry","category-allgemein","tag-interoperability-de"],"yoast_head":"<!-- This site is optimized with the Yoast SEO plugin v23.3 - https:\/\/yoast.com\/wordpress\/plugins\/seo\/ -->\n<title>VisualARQ zu Parametricos - VisualARQ<\/title>\n<meta name=\"robots\" content=\"index, follow, max-snippet:-1, max-image-preview:large, max-video-preview:-1\" \/>\n<link rel=\"canonical\" href=\"https:\/\/visualarqv2.instawp.xyz\/de\/visualarq-zu-parametricos\/\" \/>\n<meta property=\"og:locale\" content=\"de_DE\" \/>\n<meta property=\"og:type\" content=\"article\" \/>\n<meta property=\"og:title\" content=\"VisualARQ zu Parametricos - VisualARQ\" \/>\n<meta property=\"og:description\" content=\"VisualARQ zu Parametricos Bei VisualARQ freuen wir uns, unseren Anwendern durch eine neue Zusammenarbeit mit Parametricos weiterhelfen zu k\u00f6nnen. Visualisieren Sie Ihre 3D-BIM-IFC-Projekte im Internet unter Verwendung von Studio | Cloud BIM + GIS von Parametricos. Hier sehen Sie, wie es funktioniert: https:\/\/blog.parametricos.com\/visualarq-to-parametricos\/ Parametricos-Angebot f\u00fcr VisualARQ-Anwender: Wenn Sie \u00fcber eine VisualARQ-Lizenz verf\u00fcgen, fordern Sie jetzt [&hellip;]\" \/>\n<meta property=\"og:url\" content=\"https:\/\/visualarqv2.instawp.xyz\/de\/visualarq-zu-parametricos\/\" \/>\n<meta property=\"og:site_name\" content=\"VisualARQ\" \/>\n<meta property=\"article:publisher\" content=\"https:\/\/www.facebook.com\/visualarq\" \/>\n<meta property=\"article:published_time\" content=\"2020-03-31T07:03:28+00:00\" \/>\n<meta property=\"og:image\" content=\"https:\/\/visualarqv2.instawp.xyz\/wp-content\/uploads\/2020\/03\/ParametricosToVisualARQ.png\" \/>\n\t<meta property=\"og:image:width\" content=\"400\" \/>\n\t<meta property=\"og:image:height\" content=\"250\" \/>\n\t<meta property=\"og:image:type\" content=\"image\/png\" \/>\n<meta name=\"author\" content=\"Francesc Salla\" \/>\n<meta name=\"twitter:card\" content=\"summary_large_image\" \/>\n<meta name=\"twitter:creator\" content=\"@VisualARQ\" \/>\n<meta name=\"twitter:site\" content=\"@VisualARQ\" \/>\n<meta name=\"twitter:label1\" content=\"Verfasst von\" \/>\n\t<meta name=\"twitter:data1\" content=\"Francesc Salla\" \/>\n<script type=\"application\/ld+json\" class=\"yoast-schema-graph\">{\"@context\":\"https:\/\/schema.org\",\"@graph\":[{\"@type\":\"WebPage\",\"@id\":\"https:\/\/visualarqv2.instawp.xyz\/de\/visualarq-zu-parametricos\/\",\"url\":\"https:\/\/visualarqv2.instawp.xyz\/de\/visualarq-zu-parametricos\/\",\"name\":\"VisualARQ zu Parametricos - VisualARQ\",\"isPartOf\":{\"@id\":\"https:\/\/visualarqv2.instawp.xyz\/de\/#website\"},\"primaryImageOfPage\":{\"@id\":\"https:\/\/visualarqv2.instawp.xyz\/de\/visualarq-zu-parametricos\/#primaryimage\"},\"image\":{\"@id\":\"https:\/\/visualarqv2.instawp.xyz\/de\/visualarq-zu-parametricos\/#primaryimage\"},\"thumbnailUrl\":\"https:\/\/visualarqv2.instawp.xyz\/wp-content\/uploads\/2020\/03\/ParametricosToVisualARQ.png\",\"datePublished\":\"2020-03-31T07:03:28+00:00\",\"dateModified\":\"2020-03-31T07:03:28+00:00\",\"author\":{\"@id\":\"https:\/\/visualarqv2.instawp.xyz\/de\/#\/schema\/person\/9ac13b76cc3f2f5d6959a6bd4ea068dc\"},\"breadcrumb\":{\"@id\":\"https:\/\/visualarqv2.instawp.xyz\/de\/visualarq-zu-parametricos\/#breadcrumb\"},\"inLanguage\":\"de\",\"potentialAction\":[{\"@type\":\"ReadAction\",\"target\":[\"https:\/\/visualarqv2.instawp.xyz\/de\/visualarq-zu-parametricos\/\"]}]},{\"@type\":\"ImageObject\",\"inLanguage\":\"de\",\"@id\":\"https:\/\/visualarqv2.instawp.xyz\/de\/visualarq-zu-parametricos\/#primaryimage\",\"url\":\"https:\/\/visualarqv2.instawp.xyz\/wp-content\/uploads\/2020\/03\/ParametricosToVisualARQ.png\",\"contentUrl\":\"https:\/\/visualarqv2.instawp.xyz\/wp-content\/uploads\/2020\/03\/ParametricosToVisualARQ.png\",\"width\":400,\"height\":250},{\"@type\":\"BreadcrumbList\",\"@id\":\"https:\/\/visualarqv2.instawp.xyz\/de\/visualarq-zu-parametricos\/#breadcrumb\",\"itemListElement\":[{\"@type\":\"ListItem\",\"position\":1,\"name\":\"Home\",\"item\":\"https:\/\/visualarqv2.instawp.xyz\/de\/home2\/\"},{\"@type\":\"ListItem\",\"position\":2,\"name\":\"VisualARQ zu Parametricos\"}]},{\"@type\":\"WebSite\",\"@id\":\"https:\/\/visualarqv2.instawp.xyz\/de\/#website\",\"url\":\"https:\/\/visualarqv2.instawp.xyz\/de\/\",\"name\":\"VisualARQ\",\"description\":\"Flexible BIM for Rhino\",\"potentialAction\":[{\"@type\":\"SearchAction\",\"target\":{\"@type\":\"EntryPoint\",\"urlTemplate\":\"https:\/\/visualarqv2.instawp.xyz\/de\/?s={search_term_string}\"},\"query-input\":\"required name=search_term_string\"}],\"inLanguage\":\"de\"},{\"@type\":\"Person\",\"@id\":\"https:\/\/visualarqv2.instawp.xyz\/de\/#\/schema\/person\/9ac13b76cc3f2f5d6959a6bd4ea068dc\",\"name\":\"Francesc Salla\",\"image\":{\"@type\":\"ImageObject\",\"inLanguage\":\"de\",\"@id\":\"https:\/\/visualarqv2.instawp.xyz\/de\/#\/schema\/person\/image\/\",\"url\":\"https:\/\/secure.gravatar.com\/avatar\/4fb27edc6aa9ef971d21d37f3c6ec620?s=96&d=mm&r=g\",\"contentUrl\":\"https:\/\/secure.gravatar.com\/avatar\/4fb27edc6aa9ef971d21d37f3c6ec620?s=96&d=mm&r=g\",\"caption\":\"Francesc Salla\"},\"url\":\"https:\/\/visualarqv2.instawp.xyz\/de\/author\/fsalla\/\"}]}<\/script>\n<!-- \/ Yoast SEO plugin. -->","yoast_head_json":{"title":"VisualARQ zu Parametricos - VisualARQ","robots":{"index":"index","follow":"follow","max-snippet":"max-snippet:-1","max-image-preview":"max-image-preview:large","max-video-preview":"max-video-preview:-1"},"canonical":"https:\/\/visualarqv2.instawp.xyz\/de\/visualarq-zu-parametricos\/","og_locale":"de_DE","og_type":"article","og_title":"VisualARQ zu Parametricos - VisualARQ","og_description":"VisualARQ zu Parametricos Bei VisualARQ freuen wir uns, unseren Anwendern durch eine neue Zusammenarbeit mit Parametricos weiterhelfen zu k\u00f6nnen. Visualisieren Sie Ihre 3D-BIM-IFC-Projekte im Internet unter Verwendung von Studio | Cloud BIM + GIS von Parametricos. Hier sehen Sie, wie es funktioniert: https:\/\/blog.parametricos.com\/visualarq-to-parametricos\/ Parametricos-Angebot f\u00fcr VisualARQ-Anwender: Wenn Sie \u00fcber eine VisualARQ-Lizenz verf\u00fcgen, fordern Sie jetzt [&hellip;]","og_url":"https:\/\/visualarqv2.instawp.xyz\/de\/visualarq-zu-parametricos\/","og_site_name":"VisualARQ","article_publisher":"https:\/\/www.facebook.com\/visualarq","article_published_time":"2020-03-31T07:03:28+00:00","og_image":[{"width":400,"height":250,"url":"https:\/\/visualarqv2.instawp.xyz\/wp-content\/uploads\/2020\/03\/ParametricosToVisualARQ.png","type":"image\/png"}],"author":"Francesc Salla","twitter_card":"summary_large_image","twitter_creator":"@VisualARQ","twitter_site":"@VisualARQ","twitter_misc":{"Verfasst von":"Francesc Salla"},"schema":{"@context":"https:\/\/schema.org","@graph":[{"@type":"WebPage","@id":"https:\/\/visualarqv2.instawp.xyz\/de\/visualarq-zu-parametricos\/","url":"https:\/\/visualarqv2.instawp.xyz\/de\/visualarq-zu-parametricos\/","name":"VisualARQ zu Parametricos - VisualARQ","isPartOf":{"@id":"https:\/\/visualarqv2.instawp.xyz\/de\/#website"},"primaryImageOfPage":{"@id":"https:\/\/visualarqv2.instawp.xyz\/de\/visualarq-zu-parametricos\/#primaryimage"},"image":{"@id":"https:\/\/visualarqv2.instawp.xyz\/de\/visualarq-zu-parametricos\/#primaryimage"},"thumbnailUrl":"https:\/\/visualarqv2.instawp.xyz\/wp-content\/uploads\/2020\/03\/ParametricosToVisualARQ.png","datePublished":"2020-03-31T07:03:28+00:00","dateModified":"2020-03-31T07:03:28+00:00","author":{"@id":"https:\/\/visualarqv2.instawp.xyz\/de\/#\/schema\/person\/9ac13b76cc3f2f5d6959a6bd4ea068dc"},"breadcrumb":{"@id":"https:\/\/visualarqv2.instawp.xyz\/de\/visualarq-zu-parametricos\/#breadcrumb"},"inLanguage":"de","potentialAction":[{"@type":"ReadAction","target":["https:\/\/visualarqv2.instawp.xyz\/de\/visualarq-zu-parametricos\/"]}]},{"@type":"ImageObject","inLanguage":"de","@id":"https:\/\/visualarqv2.instawp.xyz\/de\/visualarq-zu-parametricos\/#primaryimage","url":"https:\/\/visualarqv2.instawp.xyz\/wp-content\/uploads\/2020\/03\/ParametricosToVisualARQ.png","contentUrl":"https:\/\/visualarqv2.instawp.xyz\/wp-content\/uploads\/2020\/03\/ParametricosToVisualARQ.png","width":400,"height":250},{"@type":"BreadcrumbList","@id":"https:\/\/visualarqv2.instawp.xyz\/de\/visualarq-zu-parametricos\/#breadcrumb","itemListElement":[{"@type":"ListItem","position":1,"name":"Home","item":"https:\/\/visualarqv2.instawp.xyz\/de\/home2\/"},{"@type":"ListItem","position":2,"name":"VisualARQ zu Parametricos"}]},{"@type":"WebSite","@id":"https:\/\/visualarqv2.instawp.xyz\/de\/#website","url":"https:\/\/visualarqv2.instawp.xyz\/de\/","name":"VisualARQ","description":"Flexible BIM for Rhino","potentialAction":[{"@type":"SearchAction","target":{"@type":"EntryPoint","urlTemplate":"https:\/\/visualarqv2.instawp.xyz\/de\/?s={search_term_string}"},"query-input":"required name=search_term_string"}],"inLanguage":"de"},{"@type":"Person","@id":"https:\/\/visualarqv2.instawp.xyz\/de\/#\/schema\/person\/9ac13b76cc3f2f5d6959a6bd4ea068dc","name":"Francesc Salla","image":{"@type":"ImageObject","inLanguage":"de","@id":"https:\/\/visualarqv2.instawp.xyz\/de\/#\/schema\/person\/image\/","url":"https:\/\/secure.gravatar.com\/avatar\/4fb27edc6aa9ef971d21d37f3c6ec620?s=96&d=mm&r=g","contentUrl":"https:\/\/secure.gravatar.com\/avatar\/4fb27edc6aa9ef971d21d37f3c6ec620?s=96&d=mm&r=g","caption":"Francesc Salla"},"url":"https:\/\/visualarqv2.instawp.xyz\/de\/author\/fsalla\/"}]}},"_links":{"self":[{"href":"https:\/\/visualarqv2.instawp.xyz\/de\/wp-json\/wp\/v2\/posts\/18091"}],"collection":[{"href":"https:\/\/visualarqv2.instawp.xyz\/de\/wp-json\/wp\/v2\/posts"}],"about":[{"href":"https:\/\/visualarqv2.instawp.xyz\/de\/wp-json\/wp\/v2\/types\/post"}],"author":[{"embeddable":true,"href":"https:\/\/visualarqv2.instawp.xyz\/de\/wp-json\/wp\/v2\/users\/6"}],"replies":[{"embeddable":true,"href":"https:\/\/visualarqv2.instawp.xyz\/de\/wp-json\/wp\/v2\/comments?post=18091"}],"version-history":[{"count":0,"href":"https:\/\/visualarqv2.instawp.xyz\/de\/wp-json\/wp\/v2\/posts\/18091\/revisions"}],"wp:featuredmedia":[{"embeddable":true,"href":"https:\/\/visualarqv2.instawp.xyz\/de\/wp-json\/wp\/v2\/media\/18129"}],"wp:attachment":[{"href":"https:\/\/visualarqv2.instawp.xyz\/de\/wp-json\/wp\/v2\/media?parent=18091"}],"wp:term":[{"taxonomy":"category","embeddable":true,"href":"https:\/\/visualarqv2.instawp.xyz\/de\/wp-json\/wp\/v2\/categories?post=18091"},{"taxonomy":"post_tag","embeddable":true,"href":"https:\/\/visualarqv2.instawp.xyz\/de\/wp-json\/wp\/v2\/tags?post=18091"}],"curies":[{"name":"wp","href":"https:\/\/api.w.org\/{rel}","templated":true}]}}