{"id":21615,"date":"2020-11-06T11:11:09","date_gmt":"2020-11-06T11:11:09","guid":{"rendered":"https:\/\/visualarqv2.asuni.cloud\/wettbewerb-fuer-studenten-des-bim-design\/"},"modified":"2020-12-16T13:22:54","modified_gmt":"2020-12-16T13:22:54","slug":"wettbewerb-fuer-studenten-des-bim-design","status":"publish","type":"post","link":"https:\/\/visualarqv2.instawp.xyz\/de\/wettbewerb-fuer-studenten-des-bim-design\/","title":{"rendered":"Wettbewerb f\u00fcr Studenten des BIM Design"},"content":{"rendered":"<img loading=\"lazy\" decoding=\"async\" class=\"aligncenter size-full wp-image-21241\" src=\"https:\/\/visualarqv2.instawp.xyz\/wp-content\/uploads\/2020\/11\/VisualARQ-bim-design-student-contest-17.jpg\" alt=\"VisualARQ-Wettbewerb f\u00fcr Studenten des BIM Design im VisualARQ Blog\" width=\"800\" height=\"500\" srcset=\"https:\/\/visualarqv2.instawp.xyz\/wp-content\/uploads\/2020\/11\/VisualARQ-bim-design-student-contest-17.jpg 800w, https:\/\/visualarqv2.instawp.xyz\/wp-content\/uploads\/2020\/11\/VisualARQ-bim-design-student-contest-17-480x300.jpg 480w\" sizes=\"(min-width: 0px) and (max-width: 480px) 480px, (min-width: 481px) 800px, 100vw\" \/>\r\nDer VisualARQ-Wettbewerb f\u00fcr Studenten des BIM Design richtet sich an herausragende Talente unter den AEC-Studenten. Teilnehmen k\u00f6nnen alle, die (w\u00e4hrend des Universit\u00e4tsjahrs 2020-2021) in einem Studienplan aus dem Umfeld der AEC-Industrie eingeschrieben sind (Studiennachweis erforderlich). Wettbewerbsteilnehmer profitieren von den VisualARQ-Tools zur Erzeugung innovativer R\u00e4ume, unter Ber\u00fccksichtigung derzeit weltweit bestehender gesellschaftlicher Anforderungen.\r\n\r\nHierf\u00fcr wird ihnen die f\u00fcr 90 Tage g\u00fcltige <a href=\"https:\/\/visualarqv2.instawp.xyz\/de\/download\/eval\/\">VisualARQ-Probeversion<\/a> zur Verf\u00fcgung gestellt.\r\n<br clear=\"all\" \/>\r\n<h3>Anmeldung und Einreichung:<\/h3>\r\nF\u00fcllen Sie das untenstehende Formular aus, um uns Ihr Interesse am Wettbewerb mitzuteilen. Sie erhalten dann per E-Mail ein weiteres Formular mit den Teilnahmebedingungen, sonstigen relevanten Informationen und einem Link, \u00fcber den Sie eine Wettbewerbseinreichung durchf\u00fchren k\u00f6nnen.\r\n\r\n<div class=\"div-sobre-iframe\"><iframe loading=\"lazy\" onload=\"iFrameResize()\" src=\"https:\/\/fz2.asuni.com\/form\/?fz=65&lang=de\" width=\"100%\" height=\"350px\" frameborder=\"0\">Form<\/iframe><\/div>\r\n\r\nDie Projekte m\u00fcssen vor dem <strong>15. Februar 2021<\/strong> eingegangen sein.\r\n\r\n&nbsp;\r\n<h3>Jury:<\/h3>\r\nDas VisualARQ-Team bei Asuni wird eine technische Vorauswahl der Gewinnerkandidaten durchf\u00fchren, worauf die Endbewertung der Jury folgt:\r\n<ul>\r\n \t<li><a href=\"https:\/\/www.linkedin.com\/in\/rajaaissa\/\">Rajaa Issa<\/a>: Architektin und Softwareentwicklerin bei Robert McNeel &amp; Associates<\/li>\r\n \t<li><a href=\"https:\/\/www.linkedin.com\/in\/archmcalvano\/\">Michele Calvano<\/a>: Wissenschaftlicher Mitarbeiter f\u00fcr CNR ISPC beim Consiglio Nazionale delle Ricerche<\/li>\r\n \t<li><a href=\"https:\/\/www.linkedin.com\/in\/diegonavarromateu\/\">Diego Navarro<\/a>: Architekt und Professor bei der UIC (Universitat Internacional de Catalunya)<\/li>\r\n \t<li><a href=\"https:\/\/www.linkedin.com\/in\/oriol-carrasco\/\">Oriol Carrasco<\/a>: Architekt, Lehrer &amp; Forscher. Professor f\u00fcr Digitale Werkzeuge bei der IED Barcelona<\/li>\r\n \t<li><a href=\"https:\/\/www.linkedin.com\/in\/alicia-nahmad-phd-659b991b\/\">Alicia Nahmad<\/a>: Architektin \/ <a href=\"https:\/\/r-ex.ai\/people\/\">R-Ex Gr\u00fcnderin<\/a>\u00a0\/ Juniorprofessorin UofC SAPL<\/li>\r\n \t<li><a href=\"https:\/\/www.linkedin.com\/in\/elham-ghabouli-3748146\/\">Elham Ghabouli<\/a>: Doktorin f\u00fcr St\u00e4dtebauliches und Architektonisches Management. Produktmanagerin f\u00fcr Lands Design bei ASUNI<\/li>\r\n<\/ul>\r\nDie Bewertungskriterien gr\u00fcnden auf folgenden Aspekten:\r\n<ul>\r\n \t<li>Architektonisches Konzeptdesign zur Bew\u00e4ltigung der projektinh\u00e4renten Schwierigkeiten<\/li>\r\n \t<li>Dokumentation (Grundrisse, Querschnitte, Aufrisse, Mengenermittlungen)<\/li>\r\n \t<li>Verwendung von BIM-Konzepten (Stile, Assoziation, Datenstruktur..)<\/li>\r\n \t<li>Model-Flexibilit\u00e4t &#8211; ist es einfach zu aktualisieren? Wie ist es organisiert?<\/li>\r\n \t<li>Verwendung von VisualARQ-Werkzeugen<\/li>\r\n \t<li>Verwendung der IFC-Interoperabilit\u00e4t<\/li>\r\n \t<li>Durchf\u00fchrbarkeit<\/li>\r\n<\/ul>\r\n&nbsp;\r\n<h3>Preise:<\/h3>\r\nPreisverleihung ist am <strong>1. M\u00e4rz 2021<\/strong>\r\n<ul>\r\n \t<li><strong>1. Preis<\/strong>: 1 VisualARQ Studentenlizenz + 1 Lands Design Studentenlizenz + 1 VRay for Rhino Studentenlizenz.<\/li>\r\n \t<li><strong>2. Preis<\/strong>: 1 VisualARQ Studentenlizenz + 1 Lands Design Studentenlizenz.<\/li>\r\n \t<li><strong>3. Preis<\/strong>: 1 VisualARQ Studentenlizenz<\/li>\r\n<\/ul>\r\n<h3>Fragen?<\/h3>\r\nF\u00fcr alle weitere Fragen bez\u00fcglich des Wettbewerbs k\u00f6nnen Sie jederzeit mit uns in <a href=\"mailto:visualarq@asuni.com\">Kontakt<\/a> treten.","protected":false},"excerpt":{"rendered":"<p>Der VisualARQ-Wettbewerb f\u00fcr Studenten des BIM Design richtet sich an herausragende Talente unter den AEC-Studenten. Teilnehmen k\u00f6nnen alle, die (w\u00e4hrend des Universit\u00e4tsjahrs 2020-2021) in einem Studienplan aus dem Umfeld der AEC-Industrie eingeschrieben sind (Studiennachweis erforderlich). Wettbewerbsteilnehmer profitieren von den VisualARQ-Tools zur Erzeugung innovativer R\u00e4ume, unter Ber\u00fccksichtigung derzeit weltweit bestehender gesellschaftlicher Anforderungen. Hierf\u00fcr wird ihnen die [&hellip;]<\/p>\n","protected":false},"author":6,"featured_media":21237,"comment_status":"closed","ping_status":"closed","sticky":false,"template":"","format":"standard","meta":{"_et_pb_use_builder":"","_et_pb_old_content":"","_et_gb_content_width":"","_monsterinsights_skip_tracking":false,"_monsterinsights_sitenote_active":false,"_monsterinsights_sitenote_note":"","_monsterinsights_sitenote_category":0,"footnotes":""},"categories":[1728,1729],"tags":[],"class_list":["post-21615","post","type-post","status-publish","format-standard","has-post-thumbnail","hentry","category-anwender","category-veranstaltungen"],"yoast_head":"<!-- This site is optimized with the Yoast SEO plugin v23.3 - https:\/\/yoast.com\/wordpress\/plugins\/seo\/ -->\n<title>Wettbewerb f\u00fcr Studenten des BIM Design - VisualARQ<\/title>\n<meta name=\"robots\" content=\"index, follow, max-snippet:-1, max-image-preview:large, max-video-preview:-1\" \/>\n<link rel=\"canonical\" href=\"https:\/\/visualarqv2.instawp.xyz\/de\/wettbewerb-fuer-studenten-des-bim-design\/\" \/>\n<meta property=\"og:locale\" content=\"de_DE\" \/>\n<meta property=\"og:type\" content=\"article\" \/>\n<meta property=\"og:title\" content=\"Wettbewerb f\u00fcr Studenten des BIM Design - VisualARQ\" \/>\n<meta property=\"og:description\" content=\"Der VisualARQ-Wettbewerb f\u00fcr Studenten des BIM Design richtet sich an herausragende Talente unter den AEC-Studenten. Teilnehmen k\u00f6nnen alle, die (w\u00e4hrend des Universit\u00e4tsjahrs 2020-2021) in einem Studienplan aus dem Umfeld der AEC-Industrie eingeschrieben sind (Studiennachweis erforderlich). Wettbewerbsteilnehmer profitieren von den VisualARQ-Tools zur Erzeugung innovativer R\u00e4ume, unter Ber\u00fccksichtigung derzeit weltweit bestehender gesellschaftlicher Anforderungen. Hierf\u00fcr wird ihnen die [&hellip;]\" \/>\n<meta property=\"og:url\" content=\"https:\/\/visualarqv2.instawp.xyz\/de\/wettbewerb-fuer-studenten-des-bim-design\/\" \/>\n<meta property=\"og:site_name\" content=\"VisualARQ\" \/>\n<meta property=\"article:publisher\" content=\"https:\/\/www.facebook.com\/visualarq\" \/>\n<meta property=\"article:published_time\" content=\"2020-11-06T11:11:09+00:00\" \/>\n<meta property=\"article:modified_time\" content=\"2020-12-16T13:22:54+00:00\" \/>\n<meta property=\"og:image\" content=\"https:\/\/visualarqv2.instawp.xyz\/wp-content\/uploads\/2020\/11\/VisualARQ-bim-design-student-contest-17-FI.jpg\" \/>\n\t<meta property=\"og:image:width\" content=\"400\" \/>\n\t<meta property=\"og:image:height\" content=\"250\" \/>\n\t<meta property=\"og:image:type\" content=\"image\/jpeg\" \/>\n<meta name=\"author\" content=\"Francesc Salla\" \/>\n<meta name=\"twitter:card\" content=\"summary_large_image\" \/>\n<meta name=\"twitter:creator\" content=\"@VisualARQ\" \/>\n<meta name=\"twitter:site\" content=\"@VisualARQ\" \/>\n<meta name=\"twitter:label1\" content=\"Verfasst von\" \/>\n\t<meta name=\"twitter:data1\" content=\"Francesc Salla\" \/>\n\t<meta name=\"twitter:label2\" content=\"Gesch\u00e4tzte Lesezeit\" \/>\n\t<meta name=\"twitter:data2\" content=\"2\u00a0Minuten\" \/>\n<script type=\"application\/ld+json\" class=\"yoast-schema-graph\">{\"@context\":\"https:\/\/schema.org\",\"@graph\":[{\"@type\":\"WebPage\",\"@id\":\"https:\/\/visualarqv2.instawp.xyz\/de\/wettbewerb-fuer-studenten-des-bim-design\/\",\"url\":\"https:\/\/visualarqv2.instawp.xyz\/de\/wettbewerb-fuer-studenten-des-bim-design\/\",\"name\":\"Wettbewerb f\u00fcr Studenten des BIM Design - VisualARQ\",\"isPartOf\":{\"@id\":\"https:\/\/visualarqv2.instawp.xyz\/de\/#website\"},\"primaryImageOfPage\":{\"@id\":\"https:\/\/visualarqv2.instawp.xyz\/de\/wettbewerb-fuer-studenten-des-bim-design\/#primaryimage\"},\"image\":{\"@id\":\"https:\/\/visualarqv2.instawp.xyz\/de\/wettbewerb-fuer-studenten-des-bim-design\/#primaryimage\"},\"thumbnailUrl\":\"https:\/\/visualarqv2.instawp.xyz\/wp-content\/uploads\/2020\/11\/VisualARQ-bim-design-student-contest-17-FI.jpg\",\"datePublished\":\"2020-11-06T11:11:09+00:00\",\"dateModified\":\"2020-12-16T13:22:54+00:00\",\"author\":{\"@id\":\"https:\/\/visualarqv2.instawp.xyz\/de\/#\/schema\/person\/9ac13b76cc3f2f5d6959a6bd4ea068dc\"},\"breadcrumb\":{\"@id\":\"https:\/\/visualarqv2.instawp.xyz\/de\/wettbewerb-fuer-studenten-des-bim-design\/#breadcrumb\"},\"inLanguage\":\"de\",\"potentialAction\":[{\"@type\":\"ReadAction\",\"target\":[\"https:\/\/visualarqv2.instawp.xyz\/de\/wettbewerb-fuer-studenten-des-bim-design\/\"]}]},{\"@type\":\"ImageObject\",\"inLanguage\":\"de\",\"@id\":\"https:\/\/visualarqv2.instawp.xyz\/de\/wettbewerb-fuer-studenten-des-bim-design\/#primaryimage\",\"url\":\"https:\/\/visualarqv2.instawp.xyz\/wp-content\/uploads\/2020\/11\/VisualARQ-bim-design-student-contest-17-FI.jpg\",\"contentUrl\":\"https:\/\/visualarqv2.instawp.xyz\/wp-content\/uploads\/2020\/11\/VisualARQ-bim-design-student-contest-17-FI.jpg\",\"width\":400,\"height\":250,\"caption\":\"BIM Design Student Contest VisualARQ Blog\"},{\"@type\":\"BreadcrumbList\",\"@id\":\"https:\/\/visualarqv2.instawp.xyz\/de\/wettbewerb-fuer-studenten-des-bim-design\/#breadcrumb\",\"itemListElement\":[{\"@type\":\"ListItem\",\"position\":1,\"name\":\"Home\",\"item\":\"https:\/\/visualarqv2.instawp.xyz\/de\/home2\/\"},{\"@type\":\"ListItem\",\"position\":2,\"name\":\"Wettbewerb f\u00fcr Studenten des BIM Design\"}]},{\"@type\":\"WebSite\",\"@id\":\"https:\/\/visualarqv2.instawp.xyz\/de\/#website\",\"url\":\"https:\/\/visualarqv2.instawp.xyz\/de\/\",\"name\":\"VisualARQ\",\"description\":\"Flexible BIM for Rhino\",\"potentialAction\":[{\"@type\":\"SearchAction\",\"target\":{\"@type\":\"EntryPoint\",\"urlTemplate\":\"https:\/\/visualarqv2.instawp.xyz\/de\/?s={search_term_string}\"},\"query-input\":\"required name=search_term_string\"}],\"inLanguage\":\"de\"},{\"@type\":\"Person\",\"@id\":\"https:\/\/visualarqv2.instawp.xyz\/de\/#\/schema\/person\/9ac13b76cc3f2f5d6959a6bd4ea068dc\",\"name\":\"Francesc Salla\",\"image\":{\"@type\":\"ImageObject\",\"inLanguage\":\"de\",\"@id\":\"https:\/\/visualarqv2.instawp.xyz\/de\/#\/schema\/person\/image\/\",\"url\":\"https:\/\/secure.gravatar.com\/avatar\/4fb27edc6aa9ef971d21d37f3c6ec620?s=96&d=mm&r=g\",\"contentUrl\":\"https:\/\/secure.gravatar.com\/avatar\/4fb27edc6aa9ef971d21d37f3c6ec620?s=96&d=mm&r=g\",\"caption\":\"Francesc Salla\"},\"url\":\"https:\/\/visualarqv2.instawp.xyz\/de\/author\/fsalla\/\"}]}<\/script>\n<!-- \/ Yoast SEO plugin. -->","yoast_head_json":{"title":"Wettbewerb f\u00fcr Studenten des BIM Design - VisualARQ","robots":{"index":"index","follow":"follow","max-snippet":"max-snippet:-1","max-image-preview":"max-image-preview:large","max-video-preview":"max-video-preview:-1"},"canonical":"https:\/\/visualarqv2.instawp.xyz\/de\/wettbewerb-fuer-studenten-des-bim-design\/","og_locale":"de_DE","og_type":"article","og_title":"Wettbewerb f\u00fcr Studenten des BIM Design - VisualARQ","og_description":"Der VisualARQ-Wettbewerb f\u00fcr Studenten des BIM Design richtet sich an herausragende Talente unter den AEC-Studenten. Teilnehmen k\u00f6nnen alle, die (w\u00e4hrend des Universit\u00e4tsjahrs 2020-2021) in einem Studienplan aus dem Umfeld der AEC-Industrie eingeschrieben sind (Studiennachweis erforderlich). Wettbewerbsteilnehmer profitieren von den VisualARQ-Tools zur Erzeugung innovativer R\u00e4ume, unter Ber\u00fccksichtigung derzeit weltweit bestehender gesellschaftlicher Anforderungen. Hierf\u00fcr wird ihnen die [&hellip;]","og_url":"https:\/\/visualarqv2.instawp.xyz\/de\/wettbewerb-fuer-studenten-des-bim-design\/","og_site_name":"VisualARQ","article_publisher":"https:\/\/www.facebook.com\/visualarq","article_published_time":"2020-11-06T11:11:09+00:00","article_modified_time":"2020-12-16T13:22:54+00:00","og_image":[{"width":400,"height":250,"url":"https:\/\/visualarqv2.instawp.xyz\/wp-content\/uploads\/2020\/11\/VisualARQ-bim-design-student-contest-17-FI.jpg","type":"image\/jpeg"}],"author":"Francesc Salla","twitter_card":"summary_large_image","twitter_creator":"@VisualARQ","twitter_site":"@VisualARQ","twitter_misc":{"Verfasst von":"Francesc Salla","Gesch\u00e4tzte Lesezeit":"2\u00a0Minuten"},"schema":{"@context":"https:\/\/schema.org","@graph":[{"@type":"WebPage","@id":"https:\/\/visualarqv2.instawp.xyz\/de\/wettbewerb-fuer-studenten-des-bim-design\/","url":"https:\/\/visualarqv2.instawp.xyz\/de\/wettbewerb-fuer-studenten-des-bim-design\/","name":"Wettbewerb f\u00fcr Studenten des BIM Design - VisualARQ","isPartOf":{"@id":"https:\/\/visualarqv2.instawp.xyz\/de\/#website"},"primaryImageOfPage":{"@id":"https:\/\/visualarqv2.instawp.xyz\/de\/wettbewerb-fuer-studenten-des-bim-design\/#primaryimage"},"image":{"@id":"https:\/\/visualarqv2.instawp.xyz\/de\/wettbewerb-fuer-studenten-des-bim-design\/#primaryimage"},"thumbnailUrl":"https:\/\/visualarqv2.instawp.xyz\/wp-content\/uploads\/2020\/11\/VisualARQ-bim-design-student-contest-17-FI.jpg","datePublished":"2020-11-06T11:11:09+00:00","dateModified":"2020-12-16T13:22:54+00:00","author":{"@id":"https:\/\/visualarqv2.instawp.xyz\/de\/#\/schema\/person\/9ac13b76cc3f2f5d6959a6bd4ea068dc"},"breadcrumb":{"@id":"https:\/\/visualarqv2.instawp.xyz\/de\/wettbewerb-fuer-studenten-des-bim-design\/#breadcrumb"},"inLanguage":"de","potentialAction":[{"@type":"ReadAction","target":["https:\/\/visualarqv2.instawp.xyz\/de\/wettbewerb-fuer-studenten-des-bim-design\/"]}]},{"@type":"ImageObject","inLanguage":"de","@id":"https:\/\/visualarqv2.instawp.xyz\/de\/wettbewerb-fuer-studenten-des-bim-design\/#primaryimage","url":"https:\/\/visualarqv2.instawp.xyz\/wp-content\/uploads\/2020\/11\/VisualARQ-bim-design-student-contest-17-FI.jpg","contentUrl":"https:\/\/visualarqv2.instawp.xyz\/wp-content\/uploads\/2020\/11\/VisualARQ-bim-design-student-contest-17-FI.jpg","width":400,"height":250,"caption":"BIM Design Student Contest VisualARQ Blog"},{"@type":"BreadcrumbList","@id":"https:\/\/visualarqv2.instawp.xyz\/de\/wettbewerb-fuer-studenten-des-bim-design\/#breadcrumb","itemListElement":[{"@type":"ListItem","position":1,"name":"Home","item":"https:\/\/visualarqv2.instawp.xyz\/de\/home2\/"},{"@type":"ListItem","position":2,"name":"Wettbewerb f\u00fcr Studenten des BIM Design"}]},{"@type":"WebSite","@id":"https:\/\/visualarqv2.instawp.xyz\/de\/#website","url":"https:\/\/visualarqv2.instawp.xyz\/de\/","name":"VisualARQ","description":"Flexible BIM for Rhino","potentialAction":[{"@type":"SearchAction","target":{"@type":"EntryPoint","urlTemplate":"https:\/\/visualarqv2.instawp.xyz\/de\/?s={search_term_string}"},"query-input":"required name=search_term_string"}],"inLanguage":"de"},{"@type":"Person","@id":"https:\/\/visualarqv2.instawp.xyz\/de\/#\/schema\/person\/9ac13b76cc3f2f5d6959a6bd4ea068dc","name":"Francesc Salla","image":{"@type":"ImageObject","inLanguage":"de","@id":"https:\/\/visualarqv2.instawp.xyz\/de\/#\/schema\/person\/image\/","url":"https:\/\/secure.gravatar.com\/avatar\/4fb27edc6aa9ef971d21d37f3c6ec620?s=96&d=mm&r=g","contentUrl":"https:\/\/secure.gravatar.com\/avatar\/4fb27edc6aa9ef971d21d37f3c6ec620?s=96&d=mm&r=g","caption":"Francesc Salla"},"url":"https:\/\/visualarqv2.instawp.xyz\/de\/author\/fsalla\/"}]}},"_links":{"self":[{"href":"https:\/\/visualarqv2.instawp.xyz\/de\/wp-json\/wp\/v2\/posts\/21615"}],"collection":[{"href":"https:\/\/visualarqv2.instawp.xyz\/de\/wp-json\/wp\/v2\/posts"}],"about":[{"href":"https:\/\/visualarqv2.instawp.xyz\/de\/wp-json\/wp\/v2\/types\/post"}],"author":[{"embeddable":true,"href":"https:\/\/visualarqv2.instawp.xyz\/de\/wp-json\/wp\/v2\/users\/6"}],"replies":[{"embeddable":true,"href":"https:\/\/visualarqv2.instawp.xyz\/de\/wp-json\/wp\/v2\/comments?post=21615"}],"version-history":[{"count":0,"href":"https:\/\/visualarqv2.instawp.xyz\/de\/wp-json\/wp\/v2\/posts\/21615\/revisions"}],"wp:featuredmedia":[{"embeddable":true,"href":"https:\/\/visualarqv2.instawp.xyz\/de\/wp-json\/wp\/v2\/media\/21237"}],"wp:attachment":[{"href":"https:\/\/visualarqv2.instawp.xyz\/de\/wp-json\/wp\/v2\/media?parent=21615"}],"wp:term":[{"taxonomy":"category","embeddable":true,"href":"https:\/\/visualarqv2.instawp.xyz\/de\/wp-json\/wp\/v2\/categories?post=21615"},{"taxonomy":"post_tag","embeddable":true,"href":"https:\/\/visualarqv2.instawp.xyz\/de\/wp-json\/wp\/v2\/tags?post=21615"}],"curies":[{"name":"wp","href":"https:\/\/api.w.org\/{rel}","templated":true}]}}