{"id":23963,"date":"2021-09-30T09:22:44","date_gmt":"2021-09-30T09:22:44","guid":{"rendered":"https:\/\/visualarqv2.asuni.cloud\/taller-gratuito-de-iniciacion-a-visualarq-el-27-de-octubre\/"},"modified":"2021-09-30T09:22:44","modified_gmt":"2021-09-30T09:22:44","slug":"taller-gratuito-de-iniciacion-a-visualarq-el-27-de-octubre","status":"publish","type":"post","link":"https:\/\/visualarqv2.instawp.xyz\/es\/taller-gratuito-de-iniciacion-a-visualarq-el-27-de-octubre\/","title":{"rendered":"Taller gratuito de iniciaci\u00f3n a VisualARQ el 27 de octubre"},"content":{"rendered":"<img loading=\"lazy\" decoding=\"async\" src=\"https:\/\/visualarqv2.instawp.xyz\/wp-content\/uploads\/2021\/09\/Mies-Pabilion-Rhino-VisualARQ-webinar.png\" alt=\"Seminario virtual de Rhino y VisualARQ Pabell\u00f3n Mies\" width=\"1000\" height=\"537\" class=\"alignright size-full my-3 wp-image-23891\" srcset=\"https:\/\/visualarqv2.instawp.xyz\/wp-content\/uploads\/2021\/09\/Mies-Pabilion-Rhino-VisualARQ-webinar.png 1000w, https:\/\/visualarqv2.instawp.xyz\/wp-content\/uploads\/2021\/09\/Mies-Pabilion-Rhino-VisualARQ-webinar-980x526.png 980w, https:\/\/visualarqv2.instawp.xyz\/wp-content\/uploads\/2021\/09\/Mies-Pabilion-Rhino-VisualARQ-webinar-480x258.png 480w\" sizes=\"(min-width: 0px) and (max-width: 480px) 480px, (min-width: 481px) and (max-width: 980px) 980px, (min-width: 981px) 1000px, 100vw\" \/>\n\n<p><strong>Taller gratuito de iniciaci\u00f3n a VisualARQ<\/strong>\n<ul>\n<li><strong>Fecha<\/strong>: mi\u00e9rcoles, 27 de octubre. 17h-19h UTC+2<\/li>\n<li><strong>Idioma:<\/strong> ingl\u00e9s<\/li>\n<li><a href=\"https:\/\/visualarqv2.instawp.xyz\/es\/learn\/webinars\/registro-de-seminario-virtual\/?id=89883335301\">Inscripci\u00f3n gratuita<\/a><\/li>\n<\/ul>\n<\/p>\n\n<p>Participe en nuestro pr\u00f3ximo taller online de VisualARQ, que tendr\u00e1 lugar el el 27 de octubre. <\/p>\n<p>Este taller intensivo de 2 horas mostrar\u00e1 las principales funciones de VisualARQ para modelar un proyecto en 3D, generar la documentaci\u00f3n e intercambiar modelos con otros programas BIM mediante archivos IFC.<\/p>\n\n<p>Aprender\u00e1 los conceptos b\u00e1sicos de VisualARQ mientras desarrolla un proyecto arquitect\u00f3nico en 3D desde cero. Utilizar\u00e1 los objetos param\u00e9tricos BIM y las herramientas de navegaci\u00f3n de VisualARQ para acelerar el proceso de modelado en 3D. Tambi\u00e9n aprender\u00e1 a generar los dibujos 2D a partir del modelo 3D y obtener las tablas de cuantificaci\u00f3n.<\/p>\n\n<p>Este taller es una introducci\u00f3n al curso intensivo de <strong>Rhino + VisualARQ<\/strong> que tendr\u00e1 lugar en noviembre de 2021. (<a href=\"https:\/\/visualarqv2.instawp.xyz\/es\/learn\/courses\/\">M\u00e1s informaci\u00f3n aqu\u00ed<\/a>).<\/p>\n","protected":false},"excerpt":{"rendered":"<p>Taller gratuito de iniciaci\u00f3n a VisualARQ Fecha: mi\u00e9rcoles, 27 de octubre. 17h-19h UTC+2 Idioma: ingl\u00e9s Inscripci\u00f3n gratuita Participe en nuestro pr\u00f3ximo taller online de VisualARQ, que tendr\u00e1 lugar el el 27 de octubre. Este taller intensivo de 2 horas mostrar\u00e1 las principales funciones de VisualARQ para modelar un proyecto en 3D, generar la documentaci\u00f3n e [&hellip;]<\/p>\n","protected":false},"author":6,"featured_media":0,"comment_status":"closed","ping_status":"closed","sticky":false,"template":"","format":"standard","meta":{"_et_pb_use_builder":"","_et_pb_old_content":"","_et_gb_content_width":"","_monsterinsights_skip_tracking":false,"_monsterinsights_sitenote_active":false,"_monsterinsights_sitenote_note":"","_monsterinsights_sitenote_category":0,"footnotes":""},"categories":[1743],"tags":[1351,1547],"class_list":["post-23963","post","type-post","status-publish","format-standard","hentry","category-eventos","tag-training-es","tag-webinar-es"],"yoast_head":"<!-- This site is optimized with the Yoast SEO plugin v23.3 - https:\/\/yoast.com\/wordpress\/plugins\/seo\/ -->\n<title>Taller gratuito de iniciaci\u00f3n a VisualARQ el 27 de octubre - VisualARQ<\/title>\n<meta name=\"robots\" content=\"index, follow, max-snippet:-1, max-image-preview:large, max-video-preview:-1\" \/>\n<link rel=\"canonical\" href=\"https:\/\/visualarqv2.instawp.xyz\/es\/taller-gratuito-de-iniciacion-a-visualarq-el-27-de-octubre\/\" \/>\n<meta property=\"og:locale\" content=\"es_ES\" \/>\n<meta property=\"og:type\" content=\"article\" \/>\n<meta property=\"og:title\" content=\"Taller gratuito de iniciaci\u00f3n a VisualARQ el 27 de octubre - VisualARQ\" \/>\n<meta property=\"og:description\" content=\"Taller gratuito de iniciaci\u00f3n a VisualARQ Fecha: mi\u00e9rcoles, 27 de octubre. 17h-19h UTC+2 Idioma: ingl\u00e9s Inscripci\u00f3n gratuita Participe en nuestro pr\u00f3ximo taller online de VisualARQ, que tendr\u00e1 lugar el el 27 de octubre. Este taller intensivo de 2 horas mostrar\u00e1 las principales funciones de VisualARQ para modelar un proyecto en 3D, generar la documentaci\u00f3n e [&hellip;]\" \/>\n<meta property=\"og:url\" content=\"https:\/\/visualarqv2.instawp.xyz\/es\/taller-gratuito-de-iniciacion-a-visualarq-el-27-de-octubre\/\" \/>\n<meta property=\"og:site_name\" content=\"VisualARQ\" \/>\n<meta property=\"article:publisher\" content=\"https:\/\/www.facebook.com\/visualarq\" \/>\n<meta property=\"article:published_time\" content=\"2021-09-30T09:22:44+00:00\" \/>\n<meta property=\"og:image\" content=\"https:\/\/visualarqv2.instawp.xyz\/wp-content\/uploads\/2021\/09\/Mies-Pabilion-Rhino-VisualARQ-webinar.png\" \/>\n<meta name=\"author\" content=\"Francesc Salla\" \/>\n<meta name=\"twitter:card\" content=\"summary_large_image\" \/>\n<meta name=\"twitter:creator\" content=\"@VisualARQ\" \/>\n<meta name=\"twitter:site\" content=\"@VisualARQ\" \/>\n<meta name=\"twitter:label1\" content=\"Escrito por\" \/>\n\t<meta name=\"twitter:data1\" content=\"Francesc Salla\" \/>\n\t<meta name=\"twitter:label2\" content=\"Tiempo de lectura\" \/>\n\t<meta name=\"twitter:data2\" content=\"1 minuto\" \/>\n<script type=\"application\/ld+json\" class=\"yoast-schema-graph\">{\"@context\":\"https:\/\/schema.org\",\"@graph\":[{\"@type\":\"WebPage\",\"@id\":\"https:\/\/visualarqv2.instawp.xyz\/es\/taller-gratuito-de-iniciacion-a-visualarq-el-27-de-octubre\/\",\"url\":\"https:\/\/visualarqv2.instawp.xyz\/es\/taller-gratuito-de-iniciacion-a-visualarq-el-27-de-octubre\/\",\"name\":\"Taller gratuito de iniciaci\u00f3n a VisualARQ el 27 de octubre - VisualARQ\",\"isPartOf\":{\"@id\":\"https:\/\/visualarqv2.instawp.xyz\/es\/#website\"},\"primaryImageOfPage\":{\"@id\":\"https:\/\/visualarqv2.instawp.xyz\/es\/taller-gratuito-de-iniciacion-a-visualarq-el-27-de-octubre\/#primaryimage\"},\"image\":{\"@id\":\"https:\/\/visualarqv2.instawp.xyz\/es\/taller-gratuito-de-iniciacion-a-visualarq-el-27-de-octubre\/#primaryimage\"},\"thumbnailUrl\":\"https:\/\/visualarqv2.instawp.xyz\/wp-content\/uploads\/2021\/09\/Mies-Pabilion-Rhino-VisualARQ-webinar.png\",\"datePublished\":\"2021-09-30T09:22:44+00:00\",\"dateModified\":\"2021-09-30T09:22:44+00:00\",\"author\":{\"@id\":\"https:\/\/visualarqv2.instawp.xyz\/es\/#\/schema\/person\/9ac13b76cc3f2f5d6959a6bd4ea068dc\"},\"breadcrumb\":{\"@id\":\"https:\/\/visualarqv2.instawp.xyz\/es\/taller-gratuito-de-iniciacion-a-visualarq-el-27-de-octubre\/#breadcrumb\"},\"inLanguage\":\"es\",\"potentialAction\":[{\"@type\":\"ReadAction\",\"target\":[\"https:\/\/visualarqv2.instawp.xyz\/es\/taller-gratuito-de-iniciacion-a-visualarq-el-27-de-octubre\/\"]}]},{\"@type\":\"ImageObject\",\"inLanguage\":\"es\",\"@id\":\"https:\/\/visualarqv2.instawp.xyz\/es\/taller-gratuito-de-iniciacion-a-visualarq-el-27-de-octubre\/#primaryimage\",\"url\":\"https:\/\/visualarqv2.instawp.xyz\/wp-content\/uploads\/2021\/09\/Mies-Pabilion-Rhino-VisualARQ-webinar.png\",\"contentUrl\":\"https:\/\/visualarqv2.instawp.xyz\/wp-content\/uploads\/2021\/09\/Mies-Pabilion-Rhino-VisualARQ-webinar.png\"},{\"@type\":\"BreadcrumbList\",\"@id\":\"https:\/\/visualarqv2.instawp.xyz\/es\/taller-gratuito-de-iniciacion-a-visualarq-el-27-de-octubre\/#breadcrumb\",\"itemListElement\":[{\"@type\":\"ListItem\",\"position\":1,\"name\":\"Home\",\"item\":\"https:\/\/visualarqv2.instawp.xyz\/es\/\"},{\"@type\":\"ListItem\",\"position\":2,\"name\":\"Taller gratuito de iniciaci\u00f3n a VisualARQ el 27 de octubre\"}]},{\"@type\":\"WebSite\",\"@id\":\"https:\/\/visualarqv2.instawp.xyz\/es\/#website\",\"url\":\"https:\/\/visualarqv2.instawp.xyz\/es\/\",\"name\":\"VisualARQ\",\"description\":\"Flexible BIM for Rhino\",\"potentialAction\":[{\"@type\":\"SearchAction\",\"target\":{\"@type\":\"EntryPoint\",\"urlTemplate\":\"https:\/\/visualarqv2.instawp.xyz\/es\/?s={search_term_string}\"},\"query-input\":\"required name=search_term_string\"}],\"inLanguage\":\"es\"},{\"@type\":\"Person\",\"@id\":\"https:\/\/visualarqv2.instawp.xyz\/es\/#\/schema\/person\/9ac13b76cc3f2f5d6959a6bd4ea068dc\",\"name\":\"Francesc Salla\",\"image\":{\"@type\":\"ImageObject\",\"inLanguage\":\"es\",\"@id\":\"https:\/\/visualarqv2.instawp.xyz\/es\/#\/schema\/person\/image\/\",\"url\":\"https:\/\/secure.gravatar.com\/avatar\/4fb27edc6aa9ef971d21d37f3c6ec620?s=96&d=mm&r=g\",\"contentUrl\":\"https:\/\/secure.gravatar.com\/avatar\/4fb27edc6aa9ef971d21d37f3c6ec620?s=96&d=mm&r=g\",\"caption\":\"Francesc Salla\"},\"url\":\"https:\/\/visualarqv2.instawp.xyz\/es\/author\/fsalla\/\"}]}<\/script>\n<!-- \/ Yoast SEO plugin. -->","yoast_head_json":{"title":"Taller gratuito de iniciaci\u00f3n a VisualARQ el 27 de octubre - VisualARQ","robots":{"index":"index","follow":"follow","max-snippet":"max-snippet:-1","max-image-preview":"max-image-preview:large","max-video-preview":"max-video-preview:-1"},"canonical":"https:\/\/visualarqv2.instawp.xyz\/es\/taller-gratuito-de-iniciacion-a-visualarq-el-27-de-octubre\/","og_locale":"es_ES","og_type":"article","og_title":"Taller gratuito de iniciaci\u00f3n a VisualARQ el 27 de octubre - VisualARQ","og_description":"Taller gratuito de iniciaci\u00f3n a VisualARQ Fecha: mi\u00e9rcoles, 27 de octubre. 17h-19h UTC+2 Idioma: ingl\u00e9s Inscripci\u00f3n gratuita Participe en nuestro pr\u00f3ximo taller online de VisualARQ, que tendr\u00e1 lugar el el 27 de octubre. Este taller intensivo de 2 horas mostrar\u00e1 las principales funciones de VisualARQ para modelar un proyecto en 3D, generar la documentaci\u00f3n e [&hellip;]","og_url":"https:\/\/visualarqv2.instawp.xyz\/es\/taller-gratuito-de-iniciacion-a-visualarq-el-27-de-octubre\/","og_site_name":"VisualARQ","article_publisher":"https:\/\/www.facebook.com\/visualarq","article_published_time":"2021-09-30T09:22:44+00:00","og_image":[{"url":"https:\/\/visualarqv2.instawp.xyz\/wp-content\/uploads\/2021\/09\/Mies-Pabilion-Rhino-VisualARQ-webinar.png"}],"author":"Francesc Salla","twitter_card":"summary_large_image","twitter_creator":"@VisualARQ","twitter_site":"@VisualARQ","twitter_misc":{"Escrito por":"Francesc Salla","Tiempo de lectura":"1 minuto"},"schema":{"@context":"https:\/\/schema.org","@graph":[{"@type":"WebPage","@id":"https:\/\/visualarqv2.instawp.xyz\/es\/taller-gratuito-de-iniciacion-a-visualarq-el-27-de-octubre\/","url":"https:\/\/visualarqv2.instawp.xyz\/es\/taller-gratuito-de-iniciacion-a-visualarq-el-27-de-octubre\/","name":"Taller gratuito de iniciaci\u00f3n a VisualARQ el 27 de octubre - VisualARQ","isPartOf":{"@id":"https:\/\/visualarqv2.instawp.xyz\/es\/#website"},"primaryImageOfPage":{"@id":"https:\/\/visualarqv2.instawp.xyz\/es\/taller-gratuito-de-iniciacion-a-visualarq-el-27-de-octubre\/#primaryimage"},"image":{"@id":"https:\/\/visualarqv2.instawp.xyz\/es\/taller-gratuito-de-iniciacion-a-visualarq-el-27-de-octubre\/#primaryimage"},"thumbnailUrl":"https:\/\/visualarqv2.instawp.xyz\/wp-content\/uploads\/2021\/09\/Mies-Pabilion-Rhino-VisualARQ-webinar.png","datePublished":"2021-09-30T09:22:44+00:00","dateModified":"2021-09-30T09:22:44+00:00","author":{"@id":"https:\/\/visualarqv2.instawp.xyz\/es\/#\/schema\/person\/9ac13b76cc3f2f5d6959a6bd4ea068dc"},"breadcrumb":{"@id":"https:\/\/visualarqv2.instawp.xyz\/es\/taller-gratuito-de-iniciacion-a-visualarq-el-27-de-octubre\/#breadcrumb"},"inLanguage":"es","potentialAction":[{"@type":"ReadAction","target":["https:\/\/visualarqv2.instawp.xyz\/es\/taller-gratuito-de-iniciacion-a-visualarq-el-27-de-octubre\/"]}]},{"@type":"ImageObject","inLanguage":"es","@id":"https:\/\/visualarqv2.instawp.xyz\/es\/taller-gratuito-de-iniciacion-a-visualarq-el-27-de-octubre\/#primaryimage","url":"https:\/\/visualarqv2.instawp.xyz\/wp-content\/uploads\/2021\/09\/Mies-Pabilion-Rhino-VisualARQ-webinar.png","contentUrl":"https:\/\/visualarqv2.instawp.xyz\/wp-content\/uploads\/2021\/09\/Mies-Pabilion-Rhino-VisualARQ-webinar.png"},{"@type":"BreadcrumbList","@id":"https:\/\/visualarqv2.instawp.xyz\/es\/taller-gratuito-de-iniciacion-a-visualarq-el-27-de-octubre\/#breadcrumb","itemListElement":[{"@type":"ListItem","position":1,"name":"Home","item":"https:\/\/visualarqv2.instawp.xyz\/es\/"},{"@type":"ListItem","position":2,"name":"Taller gratuito de iniciaci\u00f3n a VisualARQ el 27 de octubre"}]},{"@type":"WebSite","@id":"https:\/\/visualarqv2.instawp.xyz\/es\/#website","url":"https:\/\/visualarqv2.instawp.xyz\/es\/","name":"VisualARQ","description":"Flexible BIM for Rhino","potentialAction":[{"@type":"SearchAction","target":{"@type":"EntryPoint","urlTemplate":"https:\/\/visualarqv2.instawp.xyz\/es\/?s={search_term_string}"},"query-input":"required name=search_term_string"}],"inLanguage":"es"},{"@type":"Person","@id":"https:\/\/visualarqv2.instawp.xyz\/es\/#\/schema\/person\/9ac13b76cc3f2f5d6959a6bd4ea068dc","name":"Francesc Salla","image":{"@type":"ImageObject","inLanguage":"es","@id":"https:\/\/visualarqv2.instawp.xyz\/es\/#\/schema\/person\/image\/","url":"https:\/\/secure.gravatar.com\/avatar\/4fb27edc6aa9ef971d21d37f3c6ec620?s=96&d=mm&r=g","contentUrl":"https:\/\/secure.gravatar.com\/avatar\/4fb27edc6aa9ef971d21d37f3c6ec620?s=96&d=mm&r=g","caption":"Francesc Salla"},"url":"https:\/\/visualarqv2.instawp.xyz\/es\/author\/fsalla\/"}]}},"_links":{"self":[{"href":"https:\/\/visualarqv2.instawp.xyz\/es\/wp-json\/wp\/v2\/posts\/23963"}],"collection":[{"href":"https:\/\/visualarqv2.instawp.xyz\/es\/wp-json\/wp\/v2\/posts"}],"about":[{"href":"https:\/\/visualarqv2.instawp.xyz\/es\/wp-json\/wp\/v2\/types\/post"}],"author":[{"embeddable":true,"href":"https:\/\/visualarqv2.instawp.xyz\/es\/wp-json\/wp\/v2\/users\/6"}],"replies":[{"embeddable":true,"href":"https:\/\/visualarqv2.instawp.xyz\/es\/wp-json\/wp\/v2\/comments?post=23963"}],"version-history":[{"count":0,"href":"https:\/\/visualarqv2.instawp.xyz\/es\/wp-json\/wp\/v2\/posts\/23963\/revisions"}],"wp:attachment":[{"href":"https:\/\/visualarqv2.instawp.xyz\/es\/wp-json\/wp\/v2\/media?parent=23963"}],"wp:term":[{"taxonomy":"category","embeddable":true,"href":"https:\/\/visualarqv2.instawp.xyz\/es\/wp-json\/wp\/v2\/categories?post=23963"},{"taxonomy":"post_tag","embeddable":true,"href":"https:\/\/visualarqv2.instawp.xyz\/es\/wp-json\/wp\/v2\/tags?post=23963"}],"curies":[{"name":"wp","href":"https:\/\/api.w.org\/{rel}","templated":true}]}}