{"id":21708,"date":"2020-12-17T15:50:29","date_gmt":"2020-12-17T15:50:29","guid":{"rendered":"https:\/\/visualarqv2.asuni.cloud\/annuncio-sul-lancio-di-rhino-7\/"},"modified":"2020-12-17T15:50:29","modified_gmt":"2020-12-17T15:50:29","slug":"annuncio-sul-lancio-di-rhino-7","status":"publish","type":"post","link":"https:\/\/visualarqv2.instawp.xyz\/it\/annuncio-sul-lancio-di-rhino-7\/","title":{"rendered":"Annuncio sul lancio di Rhino 7"},"content":{"rendered":"<img loading=\"lazy\" decoding=\"async\" src=\"https:\/\/visualarqv2.instawp.xyz\/wp-content\/uploads\/2020\/12\/Rhino7-VisualARQ.png\" alt=\"Il logo di Rhino 7 a sinistra e il logo di VisualARQ a destra\" width=\"800\" height=\"290\" class=\"aligncenter size-full wp-image-21552\" srcset=\"https:\/\/visualarqv2.instawp.xyz\/wp-content\/uploads\/2020\/12\/Rhino7-VisualARQ.png 800w, https:\/\/visualarqv2.instawp.xyz\/wp-content\/uploads\/2020\/12\/Rhino7-VisualARQ-480x174.png 480w\" sizes=\"(min-width: 0px) and (max-width: 480px) 480px, (min-width: 481px) 800px, 100vw\" \/>\nRhino 7 \u00e8 gi\u00e0 sul mercato!\nEcco le nuove funzionalit\u00e0 pi\u00f9 importanti: <a href=\"https:\/\/www.rhino3d.com\/7\/new\/\">https:\/\/www.rhino3d.com\/7\/new\/<\/a>\n\nVisualARQ \u00e8 gi\u00e0 disponibile per Rhino 7 (versione 2.9 o successiva). Ci\u00f2 vuol dire che puoi provare gi\u00e0 <strong>VisualARQ in Revit<\/strong> (<a href=\"https:\/\/youtu.be\/B_ZMPhcrgsE\">guarda questo video<\/a>), usare il gestore layout, includere la geometria SubD ai tuoi progetti architettonici e altri straordinari miglioramenti.\n\nSe hai gi\u00e0 una licenza di VisualARQ, puoi <a href=\"https:\/\/visualarqv2.instawp.xyz\/it\/download\/update\/\">aggiornare gratuitamente a VisualARQ 2.9<\/a> e usarlo in Rhino 7. \nRiceverai il link per installare VisualARQ in Rhino 7 (nonch\u00e9 i link per installare VisualARQ 2.9 in Rhino 5 e Rhino 6).\n\nSe utilizzi una versione di valutazione, puoi <a href=\"https:\/\/visualarqv2.instawp.xyz\/it\/download\/eval\/\">provare VisualARQ in Rhino 7 per 90 giorni<\/a>.","protected":false},"excerpt":{"rendered":"<p>Rhino 7 \u00e8 gi\u00e0 sul mercato! Ecco le nuove funzionalit\u00e0 pi\u00f9 importanti: https:\/\/www.rhino3d.com\/7\/new\/ VisualARQ \u00e8 gi\u00e0 disponibile per Rhino 7 (versione 2.9 o successiva). Ci\u00f2 vuol dire che puoi provare gi\u00e0 VisualARQ in Revit (guarda questo video), usare il gestore layout, includere la geometria SubD ai tuoi progetti architettonici e altri straordinari miglioramenti. Se hai [&hellip;]<\/p>\n","protected":false},"author":6,"featured_media":21662,"comment_status":"closed","ping_status":"closed","sticky":false,"template":"","format":"standard","meta":{"_et_pb_use_builder":"","_et_pb_old_content":"","_et_gb_content_width":"","_monsterinsights_skip_tracking":false,"_monsterinsights_sitenote_active":false,"_monsterinsights_sitenote_note":"","_monsterinsights_sitenote_category":0,"footnotes":""},"categories":[1738],"tags":[],"class_list":["post-21708","post","type-post","status-publish","format-standard","has-post-thumbnail","hentry","category-nuovo-it"],"yoast_head":"<!-- This site is optimized with the Yoast SEO plugin v23.3 - https:\/\/yoast.com\/wordpress\/plugins\/seo\/ -->\n<title>Annuncio sul lancio di Rhino 7 - VisualARQ<\/title>\n<meta name=\"robots\" content=\"index, follow, max-snippet:-1, max-image-preview:large, max-video-preview:-1\" \/>\n<link rel=\"canonical\" href=\"https:\/\/visualarqv2.instawp.xyz\/it\/annuncio-sul-lancio-di-rhino-7\/\" \/>\n<meta property=\"og:locale\" content=\"it_IT\" \/>\n<meta property=\"og:type\" content=\"article\" \/>\n<meta property=\"og:title\" content=\"Annuncio sul lancio di Rhino 7 - VisualARQ\" \/>\n<meta property=\"og:description\" content=\"Rhino 7 \u00e8 gi\u00e0 sul mercato! Ecco le nuove funzionalit\u00e0 pi\u00f9 importanti: https:\/\/www.rhino3d.com\/7\/new\/ VisualARQ \u00e8 gi\u00e0 disponibile per Rhino 7 (versione 2.9 o successiva). Ci\u00f2 vuol dire che puoi provare gi\u00e0 VisualARQ in Revit (guarda questo video), usare il gestore layout, includere la geometria SubD ai tuoi progetti architettonici e altri straordinari miglioramenti. Se hai [&hellip;]\" \/>\n<meta property=\"og:url\" content=\"https:\/\/visualarqv2.instawp.xyz\/it\/annuncio-sul-lancio-di-rhino-7\/\" \/>\n<meta property=\"og:site_name\" content=\"VisualARQ\" \/>\n<meta property=\"article:publisher\" content=\"https:\/\/www.facebook.com\/visualarq\" \/>\n<meta property=\"article:published_time\" content=\"2020-12-17T15:50:29+00:00\" \/>\n<meta property=\"og:image\" content=\"https:\/\/visualarqv2.instawp.xyz\/wp-content\/uploads\/2020\/12\/Rhino7-VisualARQ-FI.png\" \/>\n\t<meta property=\"og:image:width\" content=\"400\" \/>\n\t<meta property=\"og:image:height\" content=\"250\" \/>\n\t<meta property=\"og:image:type\" content=\"image\/png\" \/>\n<meta name=\"author\" content=\"Francesc Salla\" \/>\n<meta name=\"twitter:card\" content=\"summary_large_image\" \/>\n<meta name=\"twitter:creator\" content=\"@VisualARQ\" \/>\n<meta name=\"twitter:site\" content=\"@VisualARQ\" \/>\n<meta name=\"twitter:label1\" content=\"Scritto da\" \/>\n\t<meta name=\"twitter:data1\" content=\"Francesc Salla\" \/>\n\t<meta name=\"twitter:label2\" content=\"Tempo di lettura stimato\" \/>\n\t<meta name=\"twitter:data2\" content=\"1 minuto\" \/>\n<script type=\"application\/ld+json\" class=\"yoast-schema-graph\">{\"@context\":\"https:\/\/schema.org\",\"@graph\":[{\"@type\":\"WebPage\",\"@id\":\"https:\/\/visualarqv2.instawp.xyz\/it\/annuncio-sul-lancio-di-rhino-7\/\",\"url\":\"https:\/\/visualarqv2.instawp.xyz\/it\/annuncio-sul-lancio-di-rhino-7\/\",\"name\":\"Annuncio sul lancio di Rhino 7 - VisualARQ\",\"isPartOf\":{\"@id\":\"https:\/\/visualarqv2.instawp.xyz\/it\/#website\"},\"primaryImageOfPage\":{\"@id\":\"https:\/\/visualarqv2.instawp.xyz\/it\/annuncio-sul-lancio-di-rhino-7\/#primaryimage\"},\"image\":{\"@id\":\"https:\/\/visualarqv2.instawp.xyz\/it\/annuncio-sul-lancio-di-rhino-7\/#primaryimage\"},\"thumbnailUrl\":\"https:\/\/visualarqv2.instawp.xyz\/wp-content\/uploads\/2020\/12\/Rhino7-VisualARQ-FI.png\",\"datePublished\":\"2020-12-17T15:50:29+00:00\",\"dateModified\":\"2020-12-17T15:50:29+00:00\",\"author\":{\"@id\":\"https:\/\/visualarqv2.instawp.xyz\/it\/#\/schema\/person\/9ac13b76cc3f2f5d6959a6bd4ea068dc\"},\"breadcrumb\":{\"@id\":\"https:\/\/visualarqv2.instawp.xyz\/it\/annuncio-sul-lancio-di-rhino-7\/#breadcrumb\"},\"inLanguage\":\"it-IT\",\"potentialAction\":[{\"@type\":\"ReadAction\",\"target\":[\"https:\/\/visualarqv2.instawp.xyz\/it\/annuncio-sul-lancio-di-rhino-7\/\"]}]},{\"@type\":\"ImageObject\",\"inLanguage\":\"it-IT\",\"@id\":\"https:\/\/visualarqv2.instawp.xyz\/it\/annuncio-sul-lancio-di-rhino-7\/#primaryimage\",\"url\":\"https:\/\/visualarqv2.instawp.xyz\/wp-content\/uploads\/2020\/12\/Rhino7-VisualARQ-FI.png\",\"contentUrl\":\"https:\/\/visualarqv2.instawp.xyz\/wp-content\/uploads\/2020\/12\/Rhino7-VisualARQ-FI.png\",\"width\":400,\"height\":250,\"caption\":\"Rhino 7 logo\"},{\"@type\":\"BreadcrumbList\",\"@id\":\"https:\/\/visualarqv2.instawp.xyz\/it\/annuncio-sul-lancio-di-rhino-7\/#breadcrumb\",\"itemListElement\":[{\"@type\":\"ListItem\",\"position\":1,\"name\":\"Home\",\"item\":\"https:\/\/visualarqv2.instawp.xyz\/it\/home2\/\"},{\"@type\":\"ListItem\",\"position\":2,\"name\":\"Annuncio sul lancio di Rhino 7\"}]},{\"@type\":\"WebSite\",\"@id\":\"https:\/\/visualarqv2.instawp.xyz\/it\/#website\",\"url\":\"https:\/\/visualarqv2.instawp.xyz\/it\/\",\"name\":\"VisualARQ\",\"description\":\"Flexible BIM for Rhino\",\"potentialAction\":[{\"@type\":\"SearchAction\",\"target\":{\"@type\":\"EntryPoint\",\"urlTemplate\":\"https:\/\/visualarqv2.instawp.xyz\/it\/?s={search_term_string}\"},\"query-input\":\"required name=search_term_string\"}],\"inLanguage\":\"it-IT\"},{\"@type\":\"Person\",\"@id\":\"https:\/\/visualarqv2.instawp.xyz\/it\/#\/schema\/person\/9ac13b76cc3f2f5d6959a6bd4ea068dc\",\"name\":\"Francesc Salla\",\"image\":{\"@type\":\"ImageObject\",\"inLanguage\":\"it-IT\",\"@id\":\"https:\/\/visualarqv2.instawp.xyz\/it\/#\/schema\/person\/image\/\",\"url\":\"https:\/\/secure.gravatar.com\/avatar\/4fb27edc6aa9ef971d21d37f3c6ec620?s=96&d=mm&r=g\",\"contentUrl\":\"https:\/\/secure.gravatar.com\/avatar\/4fb27edc6aa9ef971d21d37f3c6ec620?s=96&d=mm&r=g\",\"caption\":\"Francesc Salla\"},\"url\":\"https:\/\/visualarqv2.instawp.xyz\/it\/author\/fsalla\/\"}]}<\/script>\n<!-- \/ Yoast SEO plugin. -->","yoast_head_json":{"title":"Annuncio sul lancio di Rhino 7 - VisualARQ","robots":{"index":"index","follow":"follow","max-snippet":"max-snippet:-1","max-image-preview":"max-image-preview:large","max-video-preview":"max-video-preview:-1"},"canonical":"https:\/\/visualarqv2.instawp.xyz\/it\/annuncio-sul-lancio-di-rhino-7\/","og_locale":"it_IT","og_type":"article","og_title":"Annuncio sul lancio di Rhino 7 - VisualARQ","og_description":"Rhino 7 \u00e8 gi\u00e0 sul mercato! Ecco le nuove funzionalit\u00e0 pi\u00f9 importanti: https:\/\/www.rhino3d.com\/7\/new\/ VisualARQ \u00e8 gi\u00e0 disponibile per Rhino 7 (versione 2.9 o successiva). Ci\u00f2 vuol dire che puoi provare gi\u00e0 VisualARQ in Revit (guarda questo video), usare il gestore layout, includere la geometria SubD ai tuoi progetti architettonici e altri straordinari miglioramenti. Se hai [&hellip;]","og_url":"https:\/\/visualarqv2.instawp.xyz\/it\/annuncio-sul-lancio-di-rhino-7\/","og_site_name":"VisualARQ","article_publisher":"https:\/\/www.facebook.com\/visualarq","article_published_time":"2020-12-17T15:50:29+00:00","og_image":[{"width":400,"height":250,"url":"https:\/\/visualarqv2.instawp.xyz\/wp-content\/uploads\/2020\/12\/Rhino7-VisualARQ-FI.png","type":"image\/png"}],"author":"Francesc Salla","twitter_card":"summary_large_image","twitter_creator":"@VisualARQ","twitter_site":"@VisualARQ","twitter_misc":{"Scritto da":"Francesc Salla","Tempo di lettura stimato":"1 minuto"},"schema":{"@context":"https:\/\/schema.org","@graph":[{"@type":"WebPage","@id":"https:\/\/visualarqv2.instawp.xyz\/it\/annuncio-sul-lancio-di-rhino-7\/","url":"https:\/\/visualarqv2.instawp.xyz\/it\/annuncio-sul-lancio-di-rhino-7\/","name":"Annuncio sul lancio di Rhino 7 - VisualARQ","isPartOf":{"@id":"https:\/\/visualarqv2.instawp.xyz\/it\/#website"},"primaryImageOfPage":{"@id":"https:\/\/visualarqv2.instawp.xyz\/it\/annuncio-sul-lancio-di-rhino-7\/#primaryimage"},"image":{"@id":"https:\/\/visualarqv2.instawp.xyz\/it\/annuncio-sul-lancio-di-rhino-7\/#primaryimage"},"thumbnailUrl":"https:\/\/visualarqv2.instawp.xyz\/wp-content\/uploads\/2020\/12\/Rhino7-VisualARQ-FI.png","datePublished":"2020-12-17T15:50:29+00:00","dateModified":"2020-12-17T15:50:29+00:00","author":{"@id":"https:\/\/visualarqv2.instawp.xyz\/it\/#\/schema\/person\/9ac13b76cc3f2f5d6959a6bd4ea068dc"},"breadcrumb":{"@id":"https:\/\/visualarqv2.instawp.xyz\/it\/annuncio-sul-lancio-di-rhino-7\/#breadcrumb"},"inLanguage":"it-IT","potentialAction":[{"@type":"ReadAction","target":["https:\/\/visualarqv2.instawp.xyz\/it\/annuncio-sul-lancio-di-rhino-7\/"]}]},{"@type":"ImageObject","inLanguage":"it-IT","@id":"https:\/\/visualarqv2.instawp.xyz\/it\/annuncio-sul-lancio-di-rhino-7\/#primaryimage","url":"https:\/\/visualarqv2.instawp.xyz\/wp-content\/uploads\/2020\/12\/Rhino7-VisualARQ-FI.png","contentUrl":"https:\/\/visualarqv2.instawp.xyz\/wp-content\/uploads\/2020\/12\/Rhino7-VisualARQ-FI.png","width":400,"height":250,"caption":"Rhino 7 logo"},{"@type":"BreadcrumbList","@id":"https:\/\/visualarqv2.instawp.xyz\/it\/annuncio-sul-lancio-di-rhino-7\/#breadcrumb","itemListElement":[{"@type":"ListItem","position":1,"name":"Home","item":"https:\/\/visualarqv2.instawp.xyz\/it\/home2\/"},{"@type":"ListItem","position":2,"name":"Annuncio sul lancio di Rhino 7"}]},{"@type":"WebSite","@id":"https:\/\/visualarqv2.instawp.xyz\/it\/#website","url":"https:\/\/visualarqv2.instawp.xyz\/it\/","name":"VisualARQ","description":"Flexible BIM for Rhino","potentialAction":[{"@type":"SearchAction","target":{"@type":"EntryPoint","urlTemplate":"https:\/\/visualarqv2.instawp.xyz\/it\/?s={search_term_string}"},"query-input":"required name=search_term_string"}],"inLanguage":"it-IT"},{"@type":"Person","@id":"https:\/\/visualarqv2.instawp.xyz\/it\/#\/schema\/person\/9ac13b76cc3f2f5d6959a6bd4ea068dc","name":"Francesc Salla","image":{"@type":"ImageObject","inLanguage":"it-IT","@id":"https:\/\/visualarqv2.instawp.xyz\/it\/#\/schema\/person\/image\/","url":"https:\/\/secure.gravatar.com\/avatar\/4fb27edc6aa9ef971d21d37f3c6ec620?s=96&d=mm&r=g","contentUrl":"https:\/\/secure.gravatar.com\/avatar\/4fb27edc6aa9ef971d21d37f3c6ec620?s=96&d=mm&r=g","caption":"Francesc Salla"},"url":"https:\/\/visualarqv2.instawp.xyz\/it\/author\/fsalla\/"}]}},"_links":{"self":[{"href":"https:\/\/visualarqv2.instawp.xyz\/it\/wp-json\/wp\/v2\/posts\/21708"}],"collection":[{"href":"https:\/\/visualarqv2.instawp.xyz\/it\/wp-json\/wp\/v2\/posts"}],"about":[{"href":"https:\/\/visualarqv2.instawp.xyz\/it\/wp-json\/wp\/v2\/types\/post"}],"author":[{"embeddable":true,"href":"https:\/\/visualarqv2.instawp.xyz\/it\/wp-json\/wp\/v2\/users\/6"}],"replies":[{"embeddable":true,"href":"https:\/\/visualarqv2.instawp.xyz\/it\/wp-json\/wp\/v2\/comments?post=21708"}],"version-history":[{"count":0,"href":"https:\/\/visualarqv2.instawp.xyz\/it\/wp-json\/wp\/v2\/posts\/21708\/revisions"}],"wp:featuredmedia":[{"embeddable":true,"href":"https:\/\/visualarqv2.instawp.xyz\/it\/wp-json\/wp\/v2\/media\/21662"}],"wp:attachment":[{"href":"https:\/\/visualarqv2.instawp.xyz\/it\/wp-json\/wp\/v2\/media?parent=21708"}],"wp:term":[{"taxonomy":"category","embeddable":true,"href":"https:\/\/visualarqv2.instawp.xyz\/it\/wp-json\/wp\/v2\/categories?post=21708"},{"taxonomy":"post_tag","embeddable":true,"href":"https:\/\/visualarqv2.instawp.xyz\/it\/wp-json\/wp\/v2\/tags?post=21708"}],"curies":[{"name":"wp","href":"https:\/\/api.w.org\/{rel}","templated":true}]}}